{"id":1615,"date":"2024-07-26T10:01:24","date_gmt":"2024-07-26T14:01:24","guid":{"rendered":"https:\/\/artsvisuelsgatineau.com\/?p=1615"},"modified":"2025-01-28T12:59:42","modified_gmt":"2025-01-28T17:59:42","slug":"exposition-2025-pierre-debain","status":"publish","type":"post","link":"https:\/\/artsvisuelsgatineau.com\/en\/exposition-2025-pierre-debain\/","title":{"rendered":"2025 Exhibition Pierre-Debain"},"content":{"rendered":"<p><strong><u>Collective exhibition 2025 at the Centre Culturel du Vieux-Aylmer<\/u><\/strong><\/p>\n\n\n\n<p>\"The forces of nature\"<br><br>Collective exhibition of juried artwork from Arts visuels de Gatineau<br>From August 27 to October 12, 2025<br>Centre culturel du Vieux-Aylmer, 120 Principale Street, Gatineau<br><br>The description for advertising purposes will be available soon. Here, then, in its entirety (translated as\nprovided), is the text sent by the artist, H\u00e9l\u00e8ne Girard, who submitted the winning theme for the 2025 exhibition.\u00a0<br>\u201cThe Forces of Nature\u201d are beyond our control and are becoming more intense. While being magnificent, majestic\nintriguing\u2026 so many qualifiers that they could be found in a collective art exhibition. An exhibition with the theme would be our\ntime. It could lead us to an opening. To review in an artistic way the splendor of what surrounds us, its strength, its beauty but\nalso its austerity. Perhaps another way to touch us and give us the taste to act, to do our part\u2026 without waiting to name them,\nthe climatic changes.<br><br>please read the following information very carefully<br>\u25baDue to space limitations at Pierre-Debain - Centre Culturel, members will be limited to presenting one two-dimensional\nartwork for hanging on its walls. As well, members will be allowed more than one three-dimensional artwork which is\nnormally placed on a pedestal. All exhibited artwork must be original and recent, and illustrate the theme of this current\nexhibition \u201cForces of Nature\u201d<br>\u25baThe artist\/artisan is required to pay $5 for the artwork presented.<br>\u25baThe artists\/artisans must bring their artwork for the jury selection (see below for more information).<br>&#8212;-<br>It is preferable to communicate with us by E-mail to confirm your intention to\nparticipate in this exhibition before the drop-off date of your artwork.<br><br>for more information please contact: <br><br>Diane Groulx <a href=\"mailto:dianegroulxartiste@videotron.ca\" target=\"_blank\" rel=\"noreferrer noopener\">dianegroulxartiste@videotron.ca<\/a><br><br>Participating coupon - cut and put behind or under your artwork and leave another copy at the registration desk.<br><br>$5 per artwork presented <br><br>NOM de l\u2019artiste \/ Artist\u2019s NAME___________________________________________________________________________<br>TITRE de l\u2019\u0153uvre\/TITLE of artwork:____________________________________ ___________________________________<br>M\u00c9DIUM: __________________________________ _______________ Prix \/ Price_____________<br>T\u00c9L\u00c9PHONE_____________________Cell__________ __________ Courriel\/Email______________________________________<br><br>Bringing your artwork:<br><br>Where:<br>\u25ba Espace Pierre &#8211; Debain, Centre Culturel du Vieux-Aylmer, 120 rue Principale, Secteur Aylmer, Gatineau (Qu\u00e9bec)<br>When:<br>Deposit will be August 21st and the morning of August 22nd.<br><br>Detailed information regarding the deposit of the artwork will be communicated before August. NEW: Please note that the\ninstallation on the gallery walls is an extremely difficult task and at times impossible if the artwork\u2019s hanging hardware is not\ncorrect and has not been properly done.<br>Accordingly, suggestions and photos of proper and acceptable hanging hardware will\nbe sent out before the deposit dates. <br>The jury process is slated for Friday, August 22nd in the afternoon. All other information pertaining to the selection\nof the artwork, the pick-up (if not chosen), the installation will be provided to you before or when you bring your artwork. The\ninstallation of the artwork will be done on August 25 th and August 26 th .<br><\/p>\n\n\n\n<p>Instructions<br><br>The artists\/artisans who wish to present their artwork for this event must be a member of the Visual Arts of Gatineau\n(formerly Aylmer Arts Council) or must bring their membership fee (one year) and (non-refundable) when submitting\ntheir artwork in order to be considered by the selection committee or the exhibition, whichever is the case.<br>Annual\nmemberships of $35 are renewed after October 1st and $25 for new members).<br><br>Art presented by the artist\/artisan must be recent, original, and unique work: Painting, mixed media,\nclay\/ceramic, sculpture \u2013 metal, wood, fiber, glass, photography, printmaking, drawing, other fine-artwork.<br>Plagiarism of\nis prohibited as well as copies and reproductions of any kind (incl. gicl\u00e9es). All artwork in this exhibition will be\npresented in a professional manner. Prohibited are unframed paintings (excluding gallery type canvasses and very large canvasses \u2013 contemporary style - where the sides have been painted). AVG reserves the right to refuse all artwork which does not conform to these conditions and to this year\u2019s theme \u201cForces of Nature\u201d and to the limited gallery space of the Centre Culturel which is graciously provided by the City of Gatineau.<br><br>\u25baPlease note that the invitation card will be available to us via e-mail only. The City of Gatineau will provide the\ninvitation to the exhibition\u2019s opening before August 27th 2025. This will allow you time to send it to your guests.<br><br>Opening reception is on Wednesday August 27th , 2025:<br><br>From 6 pm to 8 pm<br><br>for more information please contact: <br><br>Diane Groulx<\/p>\n\n\n\n<p>613-295-4762&nbsp;<br><a href=\"mailto:dianegroulxartiste@videotron.ca\" target=\"_blank\" rel=\"noreferrer noopener\">dianegroulxartiste@videotron.ca<\/a><\/p>","protected":false},"excerpt":{"rendered":"<p>Exposition collective 2025 au Centre Culturel du Vieux \u2013 Aylmer \u00ab\u00a0Les forces de la nature \u00bb Exposition collective d\u2019\u0153uvres s\u00e9lectionn\u00e9es par un jury d\u2019Arts&hellip;<\/p>","protected":false},"author":1,"featured_media":0,"comment_status":"closed","ping_status":"closed","sticky":false,"template":"","format":"standard","meta":{"footnotes":""},"categories":[52],"tags":[],"class_list":["post-1615","post","type-post","status-publish","format-standard","hentry","category-appels-aux-artistes"],"_links":{"self":[{"href":"https:\/\/artsvisuelsgatineau.com\/en\/wp-json\/wp\/v2\/posts\/1615","targetHints":{"allow":["GET"]}}],"collection":[{"href":"https:\/\/artsvisuelsgatineau.com\/en\/wp-json\/wp\/v2\/posts"}],"about":[{"href":"https:\/\/artsvisuelsgatineau.com\/en\/wp-json\/wp\/v2\/types\/post"}],"author":[{"embeddable":true,"href":"https:\/\/artsvisuelsgatineau.com\/en\/wp-json\/wp\/v2\/users\/1"}],"replies":[{"embeddable":true,"href":"https:\/\/artsvisuelsgatineau.com\/en\/wp-json\/wp\/v2\/comments?post=1615"}],"version-history":[{"count":5,"href":"https:\/\/artsvisuelsgatineau.com\/en\/wp-json\/wp\/v2\/posts\/1615\/revisions"}],"predecessor-version":[{"id":1999,"href":"https:\/\/artsvisuelsgatineau.com\/en\/wp-json\/wp\/v2\/posts\/1615\/revisions\/1999"}],"wp:attachment":[{"href":"https:\/\/artsvisuelsgatineau.com\/en\/wp-json\/wp\/v2\/media?parent=1615"}],"wp:term":[{"taxonomy":"category","embeddable":true,"href":"https:\/\/artsvisuelsgatineau.com\/en\/wp-json\/wp\/v2\/categories?post=1615"},{"taxonomy":"post_tag","embeddable":true,"href":"https:\/\/artsvisuelsgatineau.com\/en\/wp-json\/wp\/v2\/tags?post=1615"}],"curies":[{"name":"wp","href":"https:\/\/api.w.org\/{rel}","templated":true}]}}