{"id":1615,"date":"2024-07-26T10:01:24","date_gmt":"2024-07-26T14:01:24","guid":{"rendered":"https:\/\/artsvisuelsgatineau.com\/?p=1615"},"modified":"2025-01-28T12:59:42","modified_gmt":"2025-01-28T17:59:42","slug":"exposition-2025-pierre-debain","status":"publish","type":"post","link":"https:\/\/artsvisuelsgatineau.com\/fr\/exposition-2025-pierre-debain\/","title":{"rendered":"Exposition 2025 Pierre-Debain"},"content":{"rendered":"\n<p><strong><u>Exposition collective 2025 au Centre Culturel du Vieux \u2013 Aylmer<\/u><\/strong><\/p>\n\n\n\n<p>\u00ab\u00a0Les forces de la nature \u00bb<br><br>Exposition collective d\u2019\u0153uvres s\u00e9lectionn\u00e9es par un jury d\u2019Arts visuels de Gatineau<br>Du 27 ao\u00fbt au 12 octobre, 2025<br>Centre culturel du Vieux-Aylmer, 120 rue Principale, Gatineau<br><br>Le descriptif pour fin de publicit\u00e9 sera bient\u00f4t disponible. Voici, donc, dans son int\u00e9gralit\u00e9, le texte envoy\u00e9 par l\u2019artiste, H\u00e9l\u00e8ne Girard, qui nous a soumis la th\u00e9matique gagnante pour l\u2019exposition 2025.\u00a0<br>\u00ab\u00a0Les forces de la nature &#8221; sont hors de notre contr\u00f4le et sont de plus en plus intenses. Tout en \u00e9tant magnifiques, majestueuses, intrigantes&#8230; Tellement de qualificatifs qu&#8217;;elles pourraient se retrouver dans une exposition d&#8217;art collectif. Une exposition avec le th\u00e8me: Les forces de la nature; serait de notre temps. Elle pourrait nous amener \u00e0 une ouverture. Revoir d&#8217;un c\u00f4t\u00e9 artistique la splendeur de ce qui nous entoure, sa force, sa beaut\u00e9 mais aussi son aust\u00e9rit\u00e9. Peut-\u00eatre un autre moyen de nous toucher et de nous donner le go\u00fbt d&#8217;agir, de faire notre part &#8230; sans vouloir les nommer; les changements climatiques.<br><br>Lire tr\u00e8s attentivement l\u2019information suivante<br>\u25ba Puisque l\u2019espace Pierre-Debain est restreint au Centre Culturel, les membres seront limit\u00e9s \u00e0 pr\u00e9senter seulement une \u0153uvre \u00e0 deux dimensions pour l\u2019installation sur ses murs. Aussi, les membres pourront pr\u00e9senter plus d\u2019une \u0153uvre \u00e0 trois dimensions normalement expos\u00e9es sur des socles. Toutes les \u0153uvres seront originales et r\u00e9centes, et doivent illustrer le th\u00e8me de l\u2019exposition intitul\u00e9e \u00abLes forces de la nature\u00bb ;<br>\u25ba Les artistes\/artisans doivent payer 5 $ pour chaque \u0153uvre pr\u00e9sent\u00e9e.<br>\u25ba Les artistes\/artisans doivent d\u00e9poser leur(s) \u0153uvre(s) pour la s\u00e9lection par jury. (Voir les informations plus bas).<br>&#8212;-<br>Il est pr\u00e9f\u00e9rable de communiquer avec nous par courriel pour confirmer votre intention de participer \u00e0 l\u2019exposition avant le d\u00e9p\u00f4t de votre(vos) \u0153uvre(s).<br><br>Pour des renseignements suppl\u00e9mentaires, communiquez avec\u00a0: <br><br>Diane Groulx <a href=\"mailto:dianegroulxartiste@videotron.ca\" target=\"_blank\" rel=\"noreferrer noopener\">dianegroulxartiste@videotron.ca<\/a><br><br>Coupon de participation \u2013 couper et laisser une copie \u00e0 l\u2019arri\u00e8re ou dessous l\u2019\u0153uvre et d\u00e9poser une autre copie lors de l\u2019inscription.<br><br>5$ par \u0153uvre pr\u00e9sent\u00e9e <br><br>NOM de l\u2019artiste \/ Artist\u2019s NAME___________________________________________________________________________<br>TITRE de l\u2019\u0153uvre\/TITLE of artwork:____________________________________ ___________________________________<br>M\u00c9DIUM: __________________________________ _______________ Prix \/ Price_____________<br>T\u00c9L\u00c9PHONE_____________________Cell__________ __________ Courriel\/Email______________________________________<br><br>D\u00e9p\u00f4t des oeuvres<br><br>O\u00f9\u00a0:<br>\u25ba Espace Pierre &#8211; Debain, Centre Culturel du Vieux-Aylmer, 120 rue Principale, Secteur Aylmer, Gatineau (Qu\u00e9bec)<br>Quand :<br>\u25baLe d\u00e9p\u00f4t sera la journ\u00e9e du 21 ao\u00fbt et le matin du 22 ao\u00fbt.<br><br>Les pr\u00e9cisions concernant le d\u00e9p\u00f4t des \u0153uvres vous seront communiqu\u00e9es avant ao\u00fbt. NOUVEAU;\u00a0\u00e0 noter que l\u2019installation sur les murs de la galerie est une t\u00e2che difficile et souvent presque impossible si les attaches utilis\u00e9es ne sont pas ad\u00e9quates.<br>Alors, avant le d\u00e9p\u00f4t, nous vous enverrons quelques suggestions et photos de dispositifs ad\u00e9quats pour un assemblage facile et propice. <br>Le jury de s\u00e9lection se tiendra le vendredi 22 ao\u00fbt en apr\u00e8s-midi. Tous les autres d\u00e9tails concernant la s\u00e9lection des \u0153uvres, la reprise des \u0153uvres (s\u2019il y a lieu), l\u2019installation vous seront transmis avant ou lors du d\u00e9p\u00f4t de votre \u0153uvre. Les dates pour l\u2019installation des \u0153uvres sont pr\u00e9vues les 25 et 26 ao\u00fbt.<br><\/p>\n\n\n\n<p>Consignes<br><br>1. L\u2019artiste\/l\u2019artisan qui d\u00e9sire d\u00e9poser ses \u0153uvres pour cette activit\u00e9 doit \u00eatre membre en r\u00e8gle des Arts visuels de Gatineau (anciennement Conseil des arts d\u2019Aylmer) ou doit soumettre un ch\u00e8que pour les frais de son adh\u00e9sion; les frais d\u2019adh\u00e9sion sont non-remboursables lors du d\u00e9p\u00f4t afin d\u2019\u00eatre admis \u00e0 la s\u00e9lection ou \u00e0 l\u2019exposition selon le cas.<br>(Le renouvellement de l\u2019adh\u00e9sion annuelle est de $35 apr\u00e8s le 1 er octobre et de $25 pour les nouveaux membres)<br><br>2. L` \u0153uvre d\u2019art pr\u00e9sent\u00e9e par l\u2019artiste\/artisan doit \u00eatre unique, r\u00e9cente et originale.; Peinture &#8211; techniques mixtes, argile, c\u00e9ramique, fibre, verre, photographie, gravure, dessin, sculpture \u2013 m\u00e9tal, bois, et autres \u0153uvres originales;<br>Notez que les reproductions, copies, gicl\u00e9es et surtout le plagiat sont interdits. Toutes les \u0153uvres devront \u00eatre pr\u00e9sent\u00e9es professionnellement. Ne seront pas admises les \u0153uvres non encadr\u00e9es (sauf les toiles style galerie et les toiles style contemporain de tr\u00e8s grand \u2013 format dont les c\u00f4t\u00e9s sont peints). L\u2019AVG se r\u00e9serve le droit de refuser les \u0153uvres qui ne r\u00e9pondent pas \u00e0 la th\u00e9matique \u00ab\u00a0Les forces de la nature\u00a0\u00bb et aux crit\u00e8res \u00e9nonc\u00e9s. L\u2019espace disponible de la galerie \u00ab\u00a0Espace Pierre-Debain\u00a0\u00bb du Centre Culturel, est une espace tr\u00e8s limit\u00e9e qui nous est allou\u00e9e gracieusement par la Ville de Gatineau.<br><br>\u25ba Veuillez noter que le carton d\u2019invitation nous sera disponible seulement via le courriel. La Ville de Gatineau nous le fera parvenir avant l\u2019ouverture du 27 ao\u00fbt 2025, ce qui vous permettra de l\u2019envoyer \u00e0 vos invit\u00e9s.<br><br>Le vernissage est le mercredi 27 ao\u00fbt 2025 :<br><br>de 18h \u00e0 20h<br><br>Pour des renseignements suppl\u00e9mentaires, communiquez avec\u00a0: <br><br>Diane Groulx<\/p>\n\n\n\n<p>613-295-4762&nbsp;<br><a href=\"mailto:dianegroulxartiste@videotron.ca\" target=\"_blank\" rel=\"noreferrer noopener\">dianegroulxartiste@videotron.ca<\/a><\/p>\n","protected":false},"excerpt":{"rendered":"<p>Exposition collective 2025 au Centre Culturel du Vieux \u2013 Aylmer \u00ab\u00a0Les forces de la nature \u00bb Exposition collective d\u2019\u0153uvres s\u00e9lectionn\u00e9es par un jury d\u2019Arts&hellip;<\/p>\n","protected":false},"author":1,"featured_media":0,"comment_status":"closed","ping_status":"closed","sticky":false,"template":"","format":"standard","meta":{"footnotes":""},"categories":[52],"tags":[],"class_list":["post-1615","post","type-post","status-publish","format-standard","hentry","category-appels-aux-artistes"],"_links":{"self":[{"href":"https:\/\/artsvisuelsgatineau.com\/fr\/wp-json\/wp\/v2\/posts\/1615","targetHints":{"allow":["GET"]}}],"collection":[{"href":"https:\/\/artsvisuelsgatineau.com\/fr\/wp-json\/wp\/v2\/posts"}],"about":[{"href":"https:\/\/artsvisuelsgatineau.com\/fr\/wp-json\/wp\/v2\/types\/post"}],"author":[{"embeddable":true,"href":"https:\/\/artsvisuelsgatineau.com\/fr\/wp-json\/wp\/v2\/users\/1"}],"replies":[{"embeddable":true,"href":"https:\/\/artsvisuelsgatineau.com\/fr\/wp-json\/wp\/v2\/comments?post=1615"}],"version-history":[{"count":5,"href":"https:\/\/artsvisuelsgatineau.com\/fr\/wp-json\/wp\/v2\/posts\/1615\/revisions"}],"predecessor-version":[{"id":1999,"href":"https:\/\/artsvisuelsgatineau.com\/fr\/wp-json\/wp\/v2\/posts\/1615\/revisions\/1999"}],"wp:attachment":[{"href":"https:\/\/artsvisuelsgatineau.com\/fr\/wp-json\/wp\/v2\/media?parent=1615"}],"wp:term":[{"taxonomy":"category","embeddable":true,"href":"https:\/\/artsvisuelsgatineau.com\/fr\/wp-json\/wp\/v2\/categories?post=1615"},{"taxonomy":"post_tag","embeddable":true,"href":"https:\/\/artsvisuelsgatineau.com\/fr\/wp-json\/wp\/v2\/tags?post=1615"}],"curies":[{"name":"wp","href":"https:\/\/api.w.org\/{rel}","templated":true}]}}