{"id":2204,"date":"2025-06-04T11:34:27","date_gmt":"2025-06-04T15:34:27","guid":{"rendered":"https:\/\/artsvisuelsgatineau.com\/?p=2204"},"modified":"2025-06-04T12:47:56","modified_gmt":"2025-06-04T16:47:56","slug":"appel-aux-artistes-exposition-pierre-debain-2025","status":"publish","type":"post","link":"https:\/\/artsvisuelsgatineau.com\/fr\/appel-aux-artistes-exposition-pierre-debain-2025\/","title":{"rendered":"Appel aux artistes &#8211; Exposition Pierre-Debain 2025"},"content":{"rendered":"\n<p><strong>Arts Visuels de Gatineau<\/strong><strong><\/strong><\/p>\n\n\n\n<p><strong>Case Postale 224, Gatineau (Qu\u00e9bec) J9H 5E5<\/strong><\/p>\n\n\n\n<p><strong><em>\u00ab&nbsp;Les forces de la nature \u00bb <\/em><\/strong><\/p>\n\n\n\n<p>Exposition collective d\u2019\u0153uvres s\u00e9lectionn\u00e9es par un jury d\u2019Arts visuels de Gatineau.<\/p>\n\n\n\n<p><strong>Du 27 ao\u00fbt au 12 octobre, 2025 <\/strong><\/p>\n\n\n\n<p><strong>Centre culturel du Vieux-Aylmer, 120 rue Principale, Gatineau<\/strong><\/p>\n\n\n\n<p>\u00ab&nbsp;Magnifiques, majestueuses, intrigantes, les forces de la nature sont incontr\u00f4lables et elles se d\u00e9cha\u00eenent parfois avec une intensit\u00e9 qu\u2019on ne leur connaissait pas.&nbsp;Convaincus que l\u2019art est un moyen puissant pour nous donner le go\u00fbt d&#8217;agir et s\u00fbrs qu\u2019il nous faut \u00e0 tout prix pr\u00e9server ce monde en p\u00e9ril, les artistes du groupe Arts visuels de Gatineau nous donnent \u00e0 voir, \u00e0 penser et \u00e0 ressentir, dans des \u0153uvres vari\u00e9es, ce dont il est urgent de prendre la pleine mesure&nbsp;: la splendeur de ce qui nous entoure, les beaut\u00e9s de la nature, mais aussi son aust\u00e9rit\u00e9, sa violence et sa pr\u00e9carit\u00e9.&nbsp;\u00bb<\/p>\n\n\n\n<figure class=\"wp-block-image size-full is-resized\"><img loading=\"lazy\" decoding=\"async\" width=\"436\" height=\"291\" src=\"https:\/\/artsvisuelsgatineau.com\/wp-content\/uploads\/2025\/01\/Comme-un-reve.png\" alt=\"\" class=\"wp-image-2205\" style=\"width:364px;height:auto\" srcset=\"https:\/\/artsvisuelsgatineau.com\/wp-content\/uploads\/2025\/01\/Comme-un-reve.png 436w, https:\/\/artsvisuelsgatineau.com\/wp-content\/uploads\/2025\/01\/Comme-un-reve-300x200.png 300w, https:\/\/artsvisuelsgatineau.com\/wp-content\/uploads\/2025\/01\/Comme-un-reve-18x12.png 18w, https:\/\/artsvisuelsgatineau.com\/wp-content\/uploads\/2025\/01\/Comme-un-reve-400x267.png 400w\" sizes=\"auto, (max-width: 436px) 100vw, 436px\" \/><\/figure>\n\n\n\n<p>&nbsp;\u00ab&nbsp;Comme un r\u00eave&nbsp;\u00bb, \u0153uvre d\u2019H\u00e9l\u00e8ne Girard, acrylique sur toile, 24 x 36<\/p>\n\n\n\n<p><strong><u>Lire tr\u00e8s attentivement l\u2019information suivante<\/u><\/strong><\/p>\n\n\n\n<p>\u25ba&nbsp;Puisque&nbsp;l\u2019espace Pierre-Debain est restreint au Centre Culturel, les membres seront limit\u00e9s \u00e0 pr\u00e9senter seulement<strong>&nbsp;<u>une \u0153uvre \u00e0 deux dimensions pour l\u2019installation sur ses murs.&nbsp;Aussi, les membres pourront pr\u00e9senter plus d\u2019une \u0153uvre \u00e0 trois dimensions normalement expos\u00e9es sur des socles.<\/u><\/strong>&nbsp;Toutes les \u0153uvres doivent \u00eatre originales et r\u00e9centes, et doivent illustrer le th\u00e8me de l\u2019exposition intitul\u00e9e \u00ab <strong><em><u>Les forces de la nature<\/u> <\/em><\/strong>\u00bb&nbsp;;<\/p>\n\n\n\n<p>\u25ba&nbsp;<strong>Les artistes\/artisans&nbsp;<\/strong>doivent payer 5 $&nbsp;pour chaque \u0153uvre pr\u00e9sent\u00e9e.&nbsp;&nbsp;<\/p>\n\n\n\n<p>\u25ba&nbsp;<strong>Les artistes\/artisans&nbsp;<\/strong>doivent d\u00e9poser leur(s) \u0153uvre(s) pour la s\u00e9lection par jury.&nbsp;<strong>(Voir les informations ci-dessous)<\/strong><\/p>\n\n\n\n<p><strong>Il est pr\u00e9f\u00e9rable de communiquer avec nous par courriel pour confirmer votre intention de participer \u00e0 l\u2019exposition avant le d\u00e9p\u00f4t de votre(vos) \u0153uvre(s).<\/strong><\/p>\n\n\n\n<p>Pour des renseignements suppl\u00e9mentaires, communiquez avec&nbsp;: <\/p>\n\n\n\n<p><strong>Diane Groulx&nbsp;&nbsp;&nbsp;<\/strong><a href=\"mailto:dianegroulxartiste@videotron.ca\"><strong>dianegroulxartiste@videotron.ca<\/strong><\/a><\/p>\n\n\n\n<p><strong><u>Coupon de participation \u2013 couper et laisser une copie \u00e0 l\u2019arri\u00e8re ou dessous l\u2019\u0153uvre et d\u00e9poser une copie lors de l\u2019inscription<\/u><\/strong><\/p>\n\n\n\n<p><strong>5 $ par \u0153uvre pr\u00e9sent\u00e9e<\/strong><\/p>\n\n\n\n<p><strong>NOM de l\u2019artiste \/ Artist\u2019s NAME___________________________________________________________________________<\/strong><\/p>\n\n\n\n<p><strong>TITRE de l\u2019\u0153uvre\/TITLE of artwork:_______________________________________________________________________<\/strong><\/p>\n\n\n\n<p><strong>M\u00c9DIUM:&nbsp;&nbsp;&nbsp;&nbsp;_________________________________________________Prix \/ Price_____________<\/strong><\/p>\n\n\n\n<p><strong>T\u00c9L\u00c9PHONE_____________________Cell_____________________<\/strong><\/p>\n\n\n\n<p><strong>Courriel\/Email______________________________________&nbsp;&nbsp;<\/strong><\/p>\n\n\n\n<p><strong>NOM de l\u2019artiste \/ Artist\u2019s NAME________________________________________________________________________________<\/strong><\/p>\n\n\n\n<p><strong>TITRE de l\u2019\u0153uvre\/TITLE of artwork:___________________________________________________________________________<\/strong><\/p>\n\n\n\n<p><strong>M\u00c9DIUM:&nbsp;&nbsp;&nbsp;________________________________________________Prix \/ Price_________________<\/strong><\/p>\n\n\n\n<p><strong>T\u00c9L\u00c9PHONE_______________&nbsp;&nbsp;&nbsp;&nbsp;&nbsp;Cell&nbsp;:_________________________<\/strong><strong>Courriel\/Email______________________________________&nbsp;&nbsp;&nbsp;<\/strong><\/p>\n\n\n\n<p><strong><u>D\u00e9p\u00f4t des oeuvres<\/u><\/strong><\/p>\n\n\n\n<p><strong><em>&nbsp;O\u00f9 :&nbsp;<\/em><\/strong><em>&nbsp;<strong>Centre Culturel du Vieux-Aylmer&nbsp;&nbsp;&nbsp;&nbsp;&nbsp;&nbsp;&nbsp;&nbsp;&nbsp;&nbsp;&nbsp;&nbsp;<\/strong><\/em><\/p>\n\n\n\n<p><strong><em>\u25ba<\/em><\/strong><strong><em> Espace Pierre &#8211; Debain, Centre Culturel du Vieux-Aylmer, 120&nbsp;rue Principale, Secteur Aylmer, Gatineau (Qu\u00e9bec)<\/em><\/strong><\/p>\n\n\n\n<p><strong><u>R\u00e8glements<\/u><\/strong><\/p>\n\n\n\n<p>Les artistes\/artisans doivent \u00eatre membre des Arts Visuels de Gatineau.&nbsp;Si vous n\u2019\u00eates pas membre, vous \u00eates priez de visiter notre&nbsp;page web pour le devenir&nbsp;:&nbsp;<a href=\"https:\/\/artsvisuelsgatineau.us10.list-manage.com\/track\/click?u=62c1caa0500f8288bf264e59e&amp;id=bae1f1b70e&amp;e=5e4789bd5f\" target=\"_blank\" rel=\"noreferrer noopener\">https:\/\/artsvisuelsgatineau.com\/fr\/devenir-membre\/<\/a>&nbsp;(Le renouvellement de l\u2019adh\u00e9sion annuelle est de $35 et le co\u00fbt est de 25$ pour les nouveaux membres, (Le renouvellement est d\u00fb avant le 1<sup>ier<\/sup>&nbsp;octobre)<\/p>\n\n\n\n<p><em>&nbsp;<\/em><strong>L` \u0153uvre d\u2019art pr\u00e9sent\u00e9e par l\u2019artiste\/artisan doit \u00eatre unique et originale.&nbsp;<\/strong>Peinture &#8211; techniques mixtes,&nbsp;argile, c\u00e9ramique, fibre, verre, photographie, gravure, dessin, sculpture \u2013 m\u00e9tal, bois, et autres \u0153uvres&nbsp;originales; notez que les reproductions, copies et surtout le plagiat sont interdits.&nbsp;<strong><u>Toutes les \u0153uvres devront \u00eatre pr\u00e9sent\u00e9es professionnellement.<\/u><\/strong>&nbsp;Ne seront pas admises les \u0153uvres non encadr\u00e9es (sauf les toiles style galerie et les toiles style contemporain de tr\u00e8s grand format&nbsp;dont les c\u00f4t\u00e9s sont peints. L\u2019AVG se r\u00e9serve le droit de refuser les \u0153uvres qui ne r\u00e9pondent pas \u00e0 la th\u00e9matique&nbsp;<strong>\u00ab&nbsp;Les forces de la nature&nbsp;\u00bb<\/strong>&nbsp;et aux crit\u00e8res \u00e9nonc\u00e9s. L\u2019espace disponible de la galerie du Centre Culturel est une espace limit\u00e9e qui nous est allou\u00e9e gracieusement par la Ville de Gatineau.&nbsp;<\/p>\n\n\n\n<p><strong><u>Le vernissage sera le mercredi 27 ao\u00fbt 2025<\/u><\/strong><\/p>\n\n\n\n<p>Pour des renseignements suppl\u00e9mentaires communiquez avec&nbsp;: <\/p>\n\n\n\n<p><strong><em>Diane Groulx<\/em>&nbsp;&nbsp;<\/strong><a href=\"mailto:dianegroulxartiste@videotron.ca\"><strong>dianegroulxartiste@videotron.ca<\/strong><\/a><\/p>\n","protected":false},"excerpt":{"rendered":"<p>Arts Visuels de Gatineau Case Postale 224, Gatineau (Qu\u00e9bec) J9H 5E5 \u00ab&nbsp;Les forces de la nature \u00bb Exposition collective d\u2019\u0153uvres s\u00e9lectionn\u00e9es par un jury&hellip;<\/p>\n","protected":false},"author":1,"featured_media":0,"comment_status":"closed","ping_status":"closed","sticky":false,"template":"","format":"standard","meta":{"footnotes":""},"categories":[52],"tags":[],"class_list":["post-2204","post","type-post","status-publish","format-standard","hentry","category-appels-aux-artistes"],"_links":{"self":[{"href":"https:\/\/artsvisuelsgatineau.com\/fr\/wp-json\/wp\/v2\/posts\/2204","targetHints":{"allow":["GET"]}}],"collection":[{"href":"https:\/\/artsvisuelsgatineau.com\/fr\/wp-json\/wp\/v2\/posts"}],"about":[{"href":"https:\/\/artsvisuelsgatineau.com\/fr\/wp-json\/wp\/v2\/types\/post"}],"author":[{"embeddable":true,"href":"https:\/\/artsvisuelsgatineau.com\/fr\/wp-json\/wp\/v2\/users\/1"}],"replies":[{"embeddable":true,"href":"https:\/\/artsvisuelsgatineau.com\/fr\/wp-json\/wp\/v2\/comments?post=2204"}],"version-history":[{"count":3,"href":"https:\/\/artsvisuelsgatineau.com\/fr\/wp-json\/wp\/v2\/posts\/2204\/revisions"}],"predecessor-version":[{"id":2468,"href":"https:\/\/artsvisuelsgatineau.com\/fr\/wp-json\/wp\/v2\/posts\/2204\/revisions\/2468"}],"wp:attachment":[{"href":"https:\/\/artsvisuelsgatineau.com\/fr\/wp-json\/wp\/v2\/media?parent=2204"}],"wp:term":[{"taxonomy":"category","embeddable":true,"href":"https:\/\/artsvisuelsgatineau.com\/fr\/wp-json\/wp\/v2\/categories?post=2204"},{"taxonomy":"post_tag","embeddable":true,"href":"https:\/\/artsvisuelsgatineau.com\/fr\/wp-json\/wp\/v2\/tags?post=2204"}],"curies":[{"name":"wp","href":"https:\/\/api.w.org\/{rel}","templated":true}]}}