{"id":2238,"date":"2025-02-02T08:49:52","date_gmt":"2025-02-02T13:49:52","guid":{"rendered":"https:\/\/artsvisuelsgatineau.com\/?p=2238"},"modified":"2025-02-12T13:47:15","modified_gmt":"2025-02-12T18:47:15","slug":"appel-de-dossiers-pour-lexposition-printaniere-2025-davg","status":"publish","type":"post","link":"https:\/\/artsvisuelsgatineau.com\/fr\/appel-de-dossiers-pour-lexposition-printaniere-2025-davg\/","title":{"rendered":"Appel de dossiers pour l\u2019Exposition printani\u00e8re 2025 d&#8217;AVG"},"content":{"rendered":"\n<figure class=\"wp-block-table\"><table class=\"has-fixed-layout\"><tbody><tr><td class=\"has-text-align-left\" data-align=\"left\">&nbsp; <img decoding=\"async\" width=\"564\" src=\"https:\/\/mcusercontent.com\/62c1caa0500f8288bf264e59e\/images\/2f673acd-f385-410f-b250-6b9ae1bf15d0.png\"><\/td><\/tr><tr><td class=\"has-text-align-left\" data-align=\"left\"><strong>Les inscriptions sont maintenant termin\u00e9es.<\/strong><br><br>Vous \u00eates invit\u00e9s \u00e0 soumettre votre demande de participation \u00e0\u00a0l&#8217;Exposition printani\u00e8re d&#8217;AVG qui se tiendra du <strong>vendredi 25\u00a0avril au dimanche 27\u00a0avril 2025<\/strong>,<strong>\u00a0<\/strong>au Centre communautaire T\u00e9treau (parc Moussette), dans le secteur Hull de la ville de Gatineau.<br><br>Veuillez\u00a0lire attentivement les <a href=\"https:\/\/artsvisuelsgatineau.us10.list-manage.com\/track\/click?u=62c1caa0500f8288bf264e59e&amp;id=8c99a0888c&amp;e=c95b48664c\" target=\"_blank\" rel=\"noreferrer noopener\">instructions<\/a>, remplir le\u00a0<a href=\"https:\/\/artsvisuelsgatineau.us10.list-manage.com\/track\/click?u=62c1caa0500f8288bf264e59e&amp;id=3261275d21&amp;e=c95b48664c\" target=\"_blank\" rel=\"noreferrer noopener\">contrat<\/a> de participation et faire le <a href=\"https:\/\/artsvisuelsgatineau.us10.list-manage.com\/track\/click?u=62c1caa0500f8288bf264e59e&amp;id=9f12f5cb47&amp;e=c95b48664c\" target=\"_blank\" rel=\"noreferrer noopener\">paiement<\/a>, si vous souhaitez participer \u00e0 cette exposition. Notez\u00a0que le partage d\u2019un kiosque n\u2019est pas permis.<br><br>Tous les m\u00e9diums et tous les niveaux d&#8217;expertise sont admissibles :<br>Peinture, argile \/ c\u00e9ramique, fibre, verre, bijoux, techniques mixtes, photographie, gravure, dessin, m\u00e9tal, bois, sculpture et autres. <br><br><strong>R\u00e9sum\u00e9 des instructions pour l&#8217;inscription :<\/strong> <br>&#8211; Prix : 100 $ <br>&#8211; L\u2019exposition est accessible \u00e0 tous les membres en r\u00e8gle d&#8217;AVG. <br> &#8211; Si vous n\u2019\u00eates pas membre d\u2019Arts visuels de Gatineau, rendez-vous sur\u00a0cette page pour le devenir\u00a0:\u00a0<a href=\"https:\/\/artsvisuelsgatineau.us10.list-manage.com\/track\/click?u=62c1caa0500f8288bf264e59e&amp;id=0f461fef7b&amp;e=c95b48664c\">https:\/\/artsvisuelsgatineau.com\/fr\/devenir-membre\/<\/a><br>(25 $ pour les nouveaux membres et 35 $ pour les renouvellements) <br>&#8211; Les inscriptions doivent \u00eatre soumises<strong>\u00a0avant le jeudi 13\u00a0mars 2025, 17 h<\/strong> <br>&#8211; Toutes les \u0153uvres expos\u00e9es doivent \u00eatre originales de l&#8217;artiste. <br>&#8211; Veuillez envoyer\u00a0votre<strong> d\u00e9marche artistique (50 mots), vos coordonn\u00e9es<\/strong> et<strong>\u00a0cinq photos d\u2019\u0153uvres<\/strong>\u00a0du style qui sera expos\u00e9, avec<strong>\u00a0leurs informations pour les\u00a0cartels<\/strong>, \u00e0 <a href=\"mailto:bonjour@artsvisuelsgatineau.com?subject=D%C3%A9marche%20artistique%20et%20photos%20pour%20l'Exposition%20printani%C3%A8re\" target=\"_blank\" rel=\"noreferrer noopener\">bonjour@artsvisuelsgatineau.com<\/a>.\u00a0Ces informations seront utilis\u00e9es \u00e0 des fins publicitaires. <br><br>Les dossiers complets seront trait\u00e9es sur la base de \u00ab\u2009premier arriv\u00e9, premier servi.\u2009\u00bb Il n\u2019y a que 37\u00a0places de disponibles. Au-del\u00e0 de ce nombre, les artistes inscrits seront plac\u00e9s sur une liste d\u2019attente et seront rembours\u00e9s.<br><br>Si vous avez des suggestions de personnes int\u00e9ress\u00e9es \u00e0 \u00eatre b\u00e9n\u00e9vole ou commanditaire de l&#8217;\u00e9v\u00e9nement, faites-le nous savoir.\u00a0<br><br>Pour participer, veuillez regarder et remplir les formulaires en appuyant sur les trois boutons ci-dessous. \u00a0 <br><br><strong><a href=\"https:\/\/mcusercontent.com\/62c1caa0500f8288bf264e59e\/files\/4bbed9ed-6b9f-6ccc-2d8e-136c34800aed\/Expo_printaniere_2025_Instructions.pdf\">Instructions<\/a><\/strong> \u00a0 <br><br><a href=\"https:\/\/artsvisuelsgatineau.us10.list-manage.com\/track\/click?u=62c1caa0500f8288bf264e59e&amp;id=cd1374bfdd&amp;e=c95b48664c\" target=\"_blank\" rel=\"noreferrer noopener\"><strong>Contrat<\/strong><\/a> \u00a0 <br><br><a href=\"https:\/\/artsvisuelsgatineau.us10.list-manage.com\/track\/click?u=62c1caa0500f8288bf264e59e&amp;id=e6df50601d&amp;e=c95b48664c\" target=\"_blank\" rel=\"noreferrer noopener\"><strong>Paiement<\/strong><\/a> \u00a0 <br><br>Si les boutons ne fonctionnent pas, veuillez copier ces liens :\u00a0<br><a href=\"https:\/\/artsvisuelsgatineau.us10.list-manage.com\/track\/click?u=62c1caa0500f8288bf264e59e&amp;id=bfcccc4cee&amp;e=c95b48664c\" target=\"_blank\" rel=\"noreferrer noopener\">https:\/\/mcusercontent.com\/62c1caa0500f8288bf264e59e\/files\/4bbed9ed-6b9f-6ccc-2d8e-136c34800aed\/Expo_printaniere_2025_Instructions.pdf<\/a><br><br><a href=\"https:\/\/artsvisuelsgatineau.us10.list-manage.com\/track\/click?u=62c1caa0500f8288bf264e59e&amp;id=f85024c52e&amp;e=c95b48664c\" target=\"_blank\" rel=\"noreferrer noopener\">https:\/\/artsvisuelsgatineau.com\/fr\/exposition-printaniere-2025\/<\/a><br><br><a href=\"https:\/\/artsvisuelsgatineau.us10.list-manage.com\/track\/click?u=62c1caa0500f8288bf264e59e&amp;id=0a21426fa2&amp;e=c95b48664c\" target=\"_blank\" rel=\"noreferrer noopener\">https:\/\/artsvisuelsgatineau.com\/fr\/produit\/paiement-pour-lexposition-printaniere\/<\/a> \u00a0 \u00a0 \u00a0 \u00a0<\/td><\/tr><\/tbody><\/table><\/figure>\n","protected":false},"excerpt":{"rendered":"<p>&nbsp; Les inscriptions sont maintenant termin\u00e9es. Vous \u00eates invit\u00e9s \u00e0 soumettre votre demande de participation \u00e0\u00a0l&#8217;Exposition printani\u00e8re d&#8217;AVG qui se tiendra du vendredi 25\u00a0avril&hellip;<\/p>\n","protected":false},"author":1,"featured_media":0,"comment_status":"closed","ping_status":"closed","sticky":false,"template":"","format":"standard","meta":{"footnotes":""},"categories":[13],"tags":[],"class_list":["post-2238","post","type-post","status-publish","format-standard","hentry","category-uncategorized-fr"],"_links":{"self":[{"href":"https:\/\/artsvisuelsgatineau.com\/fr\/wp-json\/wp\/v2\/posts\/2238","targetHints":{"allow":["GET"]}}],"collection":[{"href":"https:\/\/artsvisuelsgatineau.com\/fr\/wp-json\/wp\/v2\/posts"}],"about":[{"href":"https:\/\/artsvisuelsgatineau.com\/fr\/wp-json\/wp\/v2\/types\/post"}],"author":[{"embeddable":true,"href":"https:\/\/artsvisuelsgatineau.com\/fr\/wp-json\/wp\/v2\/users\/1"}],"replies":[{"embeddable":true,"href":"https:\/\/artsvisuelsgatineau.com\/fr\/wp-json\/wp\/v2\/comments?post=2238"}],"version-history":[{"count":5,"href":"https:\/\/artsvisuelsgatineau.com\/fr\/wp-json\/wp\/v2\/posts\/2238\/revisions"}],"predecessor-version":[{"id":2274,"href":"https:\/\/artsvisuelsgatineau.com\/fr\/wp-json\/wp\/v2\/posts\/2238\/revisions\/2274"}],"wp:attachment":[{"href":"https:\/\/artsvisuelsgatineau.com\/fr\/wp-json\/wp\/v2\/media?parent=2238"}],"wp:term":[{"taxonomy":"category","embeddable":true,"href":"https:\/\/artsvisuelsgatineau.com\/fr\/wp-json\/wp\/v2\/categories?post=2238"},{"taxonomy":"post_tag","embeddable":true,"href":"https:\/\/artsvisuelsgatineau.com\/fr\/wp-json\/wp\/v2\/tags?post=2238"}],"curies":[{"name":"wp","href":"https:\/\/api.w.org\/{rel}","templated":true}]}}