{"id":446,"date":"2023-10-10T15:07:20","date_gmt":"2023-10-10T19:07:20","guid":{"rendered":"https:\/\/artsvisuelsgatineau.com\/?p=446"},"modified":"2023-12-14T13:26:23","modified_gmt":"2023-12-14T18:26:23","slug":"meritas-2023-sophie-loyer-dove","status":"publish","type":"post","link":"https:\/\/artsvisuelsgatineau.com\/fr\/meritas-2023-sophie-loyer-dove\/","title":{"rendered":"M\u00e9ritas Fran\u00e7oise Bach Kolling 2023 &#8211; Sophie Loyer-Dove"},"content":{"rendered":"\n<p>Dans le cadre de l\u2019exposition artistique de l\u2019\u00c9cole secondaire Grande-Rivi\u00e8re, Arts Visuels de Gatineau (AVG) a remis une bourse d\u2019\u00e9tudes de 500&nbsp;$ \u00e0 Sophie Loyer-Dove pour la d\u00e9monstration d\u2019un talent exceptionnel en arts visuels. Ce prix a \u00e9t\u00e9 remis par la pr\u00e9sidente d\u2019Arts Visuels de Gatineau, Catherine Garcia Cournoyer, en m\u00e9moire de Fran\u00e7oise Bach Kolling, une importante donatrice de l\u2019organisme. Selon Mme Isabelle Morin, enseignante \u00e0 l\u2019\u00e9cole secondaire Grande-Rivi\u00e8re, toutes les candidatures re\u00e7ues \u00e9taient de grande qualit\u00e9. Nous tenons \u00e0 f\u00e9liciter la r\u00e9cipiendaire et lui souhaiter bonne chance dans son cheminement scolaire qui se poursuivra cet automne au programme de Design d\u2019int\u00e9rieur du C\u00e9gep de l\u2019Outaouais.<\/p>\n\n\n\n<p>Texte : \u00c9ric Lapierre<\/p>\n\n\n\n<p>Photo&nbsp;: Richard Perron<\/p>\n\n\n\n<figure class=\"wp-block-image size-large\"><img loading=\"lazy\" decoding=\"async\" width=\"1024\" height=\"684\" src=\"https:\/\/artsvisuelsgatineau.com\/wp-content\/uploads\/M\u00e9ritas_2023\/Meritas-2023-1-1024x684.jpg\" alt=\"\" class=\"wp-image-292\" srcset=\"https:\/\/artsvisuelsgatineau.com\/wp-content\/uploads\/M\u00e9ritas_2023\/Meritas-2023-1-1024x684.jpg 1024w, https:\/\/artsvisuelsgatineau.com\/wp-content\/uploads\/M\u00e9ritas_2023\/Meritas-2023-1-400x267.jpg 400w, https:\/\/artsvisuelsgatineau.com\/wp-content\/uploads\/M\u00e9ritas_2023\/Meritas-2023-1-300x200.jpg 300w, https:\/\/artsvisuelsgatineau.com\/wp-content\/uploads\/M\u00e9ritas_2023\/Meritas-2023-1-768x513.jpg 768w, https:\/\/artsvisuelsgatineau.com\/wp-content\/uploads\/M\u00e9ritas_2023\/Meritas-2023-1-1536x1025.jpg 1536w, https:\/\/artsvisuelsgatineau.com\/wp-content\/uploads\/M\u00e9ritas_2023\/Meritas-2023-1-18x12.jpg 18w, https:\/\/artsvisuelsgatineau.com\/wp-content\/uploads\/M\u00e9ritas_2023\/Meritas-2023-1.jpg 1600w\" sizes=\"auto, (max-width: 1024px) 100vw, 1024px\" \/><\/figure>\n","protected":false},"excerpt":{"rendered":"<p>Dans le cadre de l\u2019exposition artistique de l\u2019\u00c9cole secondaire Grande-Rivi\u00e8re, Arts Visuels de Gatineau (AVG) a remis une bourse d\u2019\u00e9tudes de 500&nbsp;$ \u00e0 Sophie&hellip;<\/p>\n","protected":false},"author":1,"featured_media":0,"comment_status":"closed","ping_status":"closed","sticky":false,"template":"","format":"standard","meta":{"footnotes":""},"categories":[51],"tags":[],"class_list":["post-446","post","type-post","status-publish","format-standard","hentry","category-nouvelles-davg"],"_links":{"self":[{"href":"https:\/\/artsvisuelsgatineau.com\/fr\/wp-json\/wp\/v2\/posts\/446","targetHints":{"allow":["GET"]}}],"collection":[{"href":"https:\/\/artsvisuelsgatineau.com\/fr\/wp-json\/wp\/v2\/posts"}],"about":[{"href":"https:\/\/artsvisuelsgatineau.com\/fr\/wp-json\/wp\/v2\/types\/post"}],"author":[{"embeddable":true,"href":"https:\/\/artsvisuelsgatineau.com\/fr\/wp-json\/wp\/v2\/users\/1"}],"replies":[{"embeddable":true,"href":"https:\/\/artsvisuelsgatineau.com\/fr\/wp-json\/wp\/v2\/comments?post=446"}],"version-history":[{"count":2,"href":"https:\/\/artsvisuelsgatineau.com\/fr\/wp-json\/wp\/v2\/posts\/446\/revisions"}],"predecessor-version":[{"id":983,"href":"https:\/\/artsvisuelsgatineau.com\/fr\/wp-json\/wp\/v2\/posts\/446\/revisions\/983"}],"wp:attachment":[{"href":"https:\/\/artsvisuelsgatineau.com\/fr\/wp-json\/wp\/v2\/media?parent=446"}],"wp:term":[{"taxonomy":"category","embeddable":true,"href":"https:\/\/artsvisuelsgatineau.com\/fr\/wp-json\/wp\/v2\/categories?post=446"},{"taxonomy":"post_tag","embeddable":true,"href":"https:\/\/artsvisuelsgatineau.com\/fr\/wp-json\/wp\/v2\/tags?post=446"}],"curies":[{"name":"wp","href":"https:\/\/api.w.org\/{rel}","templated":true}]}}